{"id":123,"date":"2016-09-07T09:06:32","date_gmt":"2016-09-07T09:06:32","guid":{"rendered":"http:\/\/safetyfirst.rjs.de\/?p=123"},"modified":"2016-09-07T09:06:32","modified_gmt":"2016-09-07T09:06:32","slug":"naechster-auftritt-am-10-09-2016","status":"publish","type":"post","link":"https:\/\/safetyfirst.rjs.de\/?p=123","title":{"rendered":"N\u00e4chster Auftritt am 10.09.2016"},"content":{"rendered":"<div data-contents=\"true\">\n<div class=\"\" data-offset-key=\"d0vng-0-0\" data-editor=\"7i8a6\" data-block=\"true\">\n<div class=\"_1mf _1mj\" data-offset-key=\"d0vng-0-0\"><span data-offset-key=\"d0vng-0-0\"><span data-text=\"true\">Am Samstag, den 10.9., machen wir bei dem <a href=\"https:\/\/www.hofheim.de\/events\/dir-23\/180010100000041636.php\">Fest &#8222;Offene H\u00f6fe in Diedenbergen&#8220; <\/a>so zwischen 14:00 und 18:00 Uhr etwas L\u00e4rm. Und zwar <a href=\"https:\/\/www.google.de\/maps\/@50.0615244,8.4210783,19.62z\">hier<\/a>:<br \/>\n<\/span><\/span><\/div>\n<\/div>\n<div class=\"\" data-offset-key=\"7f987-0-0\" data-editor=\"7i8a6\" data-block=\"true\">\n<div class=\"_1mf _1mj\" data-offset-key=\"7f987-0-0\"><span data-offset-key=\"7f987-0-0\"><span data-text=\"true\">Da ist sowieso unser Proberaum und da der &#8222;Hof&#8220; da am Fest beteiligt ist, wird das eine &#8222;\u00f6ffentliche Probe&#8220; sozusagen.<\/span><\/span><\/div>\n<div class=\"_1mf _1mj\" data-offset-key=\"7f987-0-0\">\n<div class=\"SP-intro SP-text\"><strong>Rund 20 H\u00f6fe \u00f6ffnen an diesem Tag ihre Tore und hei\u00dfen Besucher\/innen willkommen.<\/strong><\/div>\n<div class=\"SP-snip SP-snip-text\">\n<h3 class=\"acc webfont-semibold\">Veranstaltungsbeschreibung<\/h3>\n<div class=\"SP-text\">Ein buntes Programm wird geboten: Vereine stellen sich vor, auch Viva la musica, Kindertheater und vieles mehr. F\u00fcr das leibliche Wohl ist bestens gesorgt.<\/div>\n<\/div>\n<h2 id=\"hdlEventDetails\">Details<\/h2>\n<dl class=\"SP-snip SP-snip-detail\">\n<dt class=\"SP-date\">Datum<\/dt>\n<dd class=\"SP-date\"><time datetime=\"2016-09-10T14:00\">Samstag, 10. September 2016<\/time><\/dd>\n<dt class=\"SP-time\">Uhrzeit<\/dt>\n<dd class=\"SP-time\">\n<div class=\"SP-text\">14:00 Uhr &#8211; 18:00 Uhr<\/div>\n<\/dd>\n<dt class=\"SP-category\">Kategorien<\/dt>\n<dd class=\"SP-category\">\n<div class=\"SP-text\">Feste, KreisStadtSommer<\/div>\n<\/dd>\n<dt class=\"SP-audience\">Zielgruppen<\/dt>\n<dd class=\"SP-audience\">\n<div class=\"SP-text\">Erwachsene, Kinder und Jugendliche, Senioren<\/div>\n<\/dd>\n<dt class=\"SP-district\">Stadtteil<\/dt>\n<dd class=\"SP-district\">\n<div class=\"SP-text\">Diedenbergen<\/div>\n<\/dd>\n<dt class=\"SP-location\">Ort<\/dt>\n<dd class=\"SP-location\">\n<div class=\"SP-text\">Alter Ortskern, Diedenbergen<\/div>\n<\/dd>\n<dt class=\"SP-organizer\">Veranstalter<\/dt>\n<dd class=\"SP-organizer\">\n<div class=\"SP-text\">Heimat- und Geschichtsverein Diedenbergen, Info: 06192-3947<\/div>\n<\/dd>\n<\/dl>\n<\/div>\n<\/div>\n<\/div>\n","protected":false},"excerpt":{"rendered":"<p>Am Samstag, den 10.9., machen wir bei dem Fest &#8222;Offene H\u00f6fe in Diedenbergen&#8220; so zwischen 14:00 und 18:00 Uhr etwas L\u00e4rm. Und zwar hier: Da ist sowieso unser Proberaum und da der &#8222;Hof&#8220; da am Fest beteiligt ist, wird das eine &#8222;\u00f6ffentliche Probe&#8220; sozusagen. Rund 20 H\u00f6fe \u00f6ffnen an diesem <a class=\"read-more\" href=\"https:\/\/safetyfirst.rjs.de\/?p=123\">Weiterlesen<\/a><\/p>\n","protected":false},"author":1,"featured_media":0,"comment_status":"open","ping_status":"open","sticky":false,"template":"","format":"standard","meta":{"jetpack_post_was_ever_published":false,"_jetpack_newsletter_access":"","_jetpack_dont_email_post_to_subs":false,"_jetpack_newsletter_tier_id":0,"_jetpack_memberships_contains_paywalled_content":false,"_jetpack_memberships_contains_paid_content":false,"footnotes":"","jetpack_publicize_message":"","jetpack_publicize_feature_enabled":true,"jetpack_social_post_already_shared":true,"jetpack_social_options":{"image_generator_settings":{"template":"highway","enabled":false}}},"categories":[1],"tags":[],"jetpack_publicize_connections":[],"jetpack_sharing_enabled":true,"jetpack_featured_media_url":"","jetpack_shortlink":"https:\/\/wp.me\/p7Pnlw-1Z","_links":{"self":[{"href":"https:\/\/safetyfirst.rjs.de\/index.php?rest_route=\/wp\/v2\/posts\/123"}],"collection":[{"href":"https:\/\/safetyfirst.rjs.de\/index.php?rest_route=\/wp\/v2\/posts"}],"about":[{"href":"https:\/\/safetyfirst.rjs.de\/index.php?rest_route=\/wp\/v2\/types\/post"}],"author":[{"embeddable":true,"href":"https:\/\/safetyfirst.rjs.de\/index.php?rest_route=\/wp\/v2\/users\/1"}],"replies":[{"embeddable":true,"href":"https:\/\/safetyfirst.rjs.de\/index.php?rest_route=%2Fwp%2Fv2%2Fcomments&post=123"}],"version-history":[{"count":1,"href":"https:\/\/safetyfirst.rjs.de\/index.php?rest_route=\/wp\/v2\/posts\/123\/revisions"}],"predecessor-version":[{"id":124,"href":"https:\/\/safetyfirst.rjs.de\/index.php?rest_route=\/wp\/v2\/posts\/123\/revisions\/124"}],"wp:attachment":[{"href":"https:\/\/safetyfirst.rjs.de\/index.php?rest_route=%2Fwp%2Fv2%2Fmedia&parent=123"}],"wp:term":[{"taxonomy":"category","embeddable":true,"href":"https:\/\/safetyfirst.rjs.de\/index.php?rest_route=%2Fwp%2Fv2%2Fcategories&post=123"},{"taxonomy":"post_tag","embeddable":true,"href":"https:\/\/safetyfirst.rjs.de\/index.php?rest_route=%2Fwp%2Fv2%2Ftags&post=123"}],"curies":[{"name":"wp","href":"https:\/\/api.w.org\/{rel}","templated":true}]}}